{"id":124,"date":"2019-10-23T14:26:32","date_gmt":"2019-10-23T12:26:32","guid":{"rendered":"http:\/\/nasz-los.pl\/?p=124"},"modified":"2019-10-24T14:23:02","modified_gmt":"2019-10-24T12:23:02","slug":"xiv-sesja-rady-gminy-29-pazdziernika-2019","status":"publish","type":"post","link":"https:\/\/nasz-los.pl\/?p=124","title":{"rendered":"XIV SESJA RADY GMINY &#8211; 29 pa\u017adziernika 2019"},"content":{"rendered":"\n<div class=\"wp-block-cover has-background-dim\" style=\"background-image:url(http:\/\/nasz-los.pl\/wp-content\/uploads\/2019\/10\/IMG_20190628_135811.jpg)\"><div class=\"wp-block-cover__inner-container is-layout-flow wp-block-cover-is-layout-flow\">\n<p style=\"text-align:center\" class=\"has-large-font-size\">XIV SESJA RADY GMINY<\/p>\n<\/div><\/div>\n\n\n\n<p style=\"text-align:center\"><strong>Zawiadomienie<\/strong><\/p>\n\n\n\n<p>Na podstawie art. 20 ust. 1 ustawy z dnia 8 marca 1990 r. o samorz\u0105dzie gminnym (Dz. U. z 2019r., poz. 506 z p\u00f3\u017an. zm.) <strong>zwo\u0142uj\u0119 XIV Sesj\u0119 Rady Gminy Pra\u017cm\u00f3w na dzie\u0144 29 pa\u017adziernika 2019 r. (wtorek) godz. 12:00. <\/strong>Sesja odb\u0119dzie si\u0119 w sali konferencyjnej Urz\u0119du Gminy Pra\u017cm\u00f3w, przy ul. Piotra Czo\u0142cha\u0144skiego 1 w Pra\u017cmowie.<\/p>\n\n\n\n<p>porz\u0105dek\nobrad:<\/p>\n\n\n\n<ol><li>Otwarcie sesji.<\/li><li>Ustalenie porz\u0105dku obrad.<\/li><li>Informacja W\u00f3jta z dzia\u0142alno\u015bci w okresie pomi\u0119dzy sesjami.<\/li><li>Uchwa\u0142a w sprawie zmiany wieloletniej prognozy finansowej.<\/li><li>Uchwa\u0142a w sprawie zmiany uchwa\u0142y bud\u017cetowej na 2019 rok.<\/li><li>Uchwa\u0142a w sprawie przyst\u0105pienia do sporz\u0105dzenia miejscowego planu zagospodarowania przestrzennego dla cz\u0119\u015bci wsi Pra\u017cm\u00f3w &#8211; &#8222;Pra\u017cm\u00f3w IV&#8221;.<\/li><li>Uchwa\u0142a w sprawie zmiany uchwa\u0142y Nr XX\/133\/2012 Rady Gminy Pra\u017cm\u00f3w z dnia 14 marca 2012 r. w sprawie przyst\u0105pienia do sporz\u0105dzenia miejscowego planu zagospodarowania przestrzennego- dla cz\u0119\u015bci wsi Pra\u017cm\u00f3w II.<\/li><li>Uchwa\u0142a w sprawie przyst\u0105pienia do sporz\u0105dzenia zmiany miejscowego planu zagospodarowania przestrzennego p\u00f3\u0142nocnej cz\u0119\u015bci gminy Pra\u017cm\u00f3w przyj\u0119tego uchwa\u0142\u0105 Nr XXXII\/383\/2001.<\/li><li>Uchwa\u0142a w sprawie miejscowego planu zagospodarowania przestrzennego dla cz\u0119\u015bci wsi Bia\u0142y \u0141ug w rejonie ulicy Wschodniej.<\/li><li>uchwa\u0142a w sprawie miejscowego planu zagospodarowania przestrzennego dla wsi \u0141awki &#8211; etap II.<\/li><li>Uchwa\u0142a w sprawie ustalenia regulaminu g\u0142osowania w wyborach na \u0142awnik\u00f3w do s\u0105d\u00f3w powszechnych na kadencj\u0119 w latach 2020 &#8211; 2023.<\/li><li>Uchwa\u0142a w sprawie wyboru na kadencje w latach 2020 \u2014 2023.<\/li><li>Uchwala w sprawie przyj\u0119cia \u201eProgramu opieki nad zwierz\u0119tami bezdomnymi oraz zapobiegania bezdomno\u015bci zwierz\u0105t na terenie Gminy Pra\u017cm\u00f3w w 2019 roku&#8221;.<\/li><li>Sprawy r\u00f3\u017cne. <\/li><li>Zamkni\u0119cie obrad.<\/li><\/ol>\n\n\n\n<div class=\"wp-block-file\"><a href=\"https:\/\/nasz-los.pl\/wp-content\/uploads\/2019\/10\/zawiadomienie-o-XIV-Sesji-RGP.pdf\">zawiadomienie-o-XIV-Sesji-RGP<\/a><a href=\"https:\/\/nasz-los.pl\/wp-content\/uploads\/2019\/10\/zawiadomienie-o-XIV-Sesji-RGP.pdf\" class=\"wp-block-file__button\" download>Pobierz<\/a><\/div>\n","protected":false},"excerpt":{"rendered":"<p style=\"text-align:center\" class=\"has-large-font-size\">XIV SESJA RADY GMINY<\/p>\n<p style=\"text-align:center\">Zawiadomienie<\/p>\n<p>Na podstawie art. 20 ust. 1 ustawy z dnia 8 marca 1990 r. o samorz\u0105dzie gminnym (Dz. U. z 2019r., poz. 506 z p\u00f3\u017an. zm.) zwo\u0142uj\u0119 XIV Sesj\u0119 Rady Gminy Pra\u017cm\u00f3w na dzie\u0144 29 pa\u017adziernika 2019 r. (wtorek) godz. 12:00. Sesja odb\u0119dzie si\u0119 w sali konferencyjnej Urz\u0119du Gminy Pra\u017cm\u00f3w, przy ul. Piotra Czo\u0142cha\u0144skiego 1 w Pra\u017cmowie.<\/p>\n<p>porz\u0105dek<br \/>\nobrad:<\/p>\n<ol>\n<li>Otwarcie sesji.<\/li>\n<li>Ustalenie porz\u0105dku obrad.<\/li>\n<\/ol>\n<p> <a href=\"https:\/\/nasz-los.pl\/?p=124\">Czytaj dalej&#8230;<\/a><\/p>\n","protected":false},"author":3,"featured_media":128,"comment_status":"closed","ping_status":"closed","sticky":false,"template":"","format":"standard","meta":{"footnotes":""},"categories":[3],"tags":[],"_links":{"self":[{"href":"https:\/\/nasz-los.pl\/index.php?rest_route=\/wp\/v2\/posts\/124"}],"collection":[{"href":"https:\/\/nasz-los.pl\/index.php?rest_route=\/wp\/v2\/posts"}],"about":[{"href":"https:\/\/nasz-los.pl\/index.php?rest_route=\/wp\/v2\/types\/post"}],"author":[{"embeddable":true,"href":"https:\/\/nasz-los.pl\/index.php?rest_route=\/wp\/v2\/users\/3"}],"replies":[{"embeddable":true,"href":"https:\/\/nasz-los.pl\/index.php?rest_route=%2Fwp%2Fv2%2Fcomments&post=124"}],"version-history":[{"count":6,"href":"https:\/\/nasz-los.pl\/index.php?rest_route=\/wp\/v2\/posts\/124\/revisions"}],"predecessor-version":[{"id":132,"href":"https:\/\/nasz-los.pl\/index.php?rest_route=\/wp\/v2\/posts\/124\/revisions\/132"}],"wp:featuredmedia":[{"embeddable":true,"href":"https:\/\/nasz-los.pl\/index.php?rest_route=\/wp\/v2\/media\/128"}],"wp:attachment":[{"href":"https:\/\/nasz-los.pl\/index.php?rest_route=%2Fwp%2Fv2%2Fmedia&parent=124"}],"wp:term":[{"taxonomy":"category","embeddable":true,"href":"https:\/\/nasz-los.pl\/index.php?rest_route=%2Fwp%2Fv2%2Fcategories&post=124"},{"taxonomy":"post_tag","embeddable":true,"href":"https:\/\/nasz-los.pl\/index.php?rest_route=%2Fwp%2Fv2%2Ftags&post=124"}],"curies":[{"name":"wp","href":"https:\/\/api.w.org\/{rel}","templated":true}]}}