{"id":223,"date":"2021-01-13T16:26:36","date_gmt":"2021-01-13T15:26:36","guid":{"rendered":"http:\/\/nasz-los.pl\/?p=223"},"modified":"2021-01-22T18:08:46","modified_gmt":"2021-01-22T17:08:46","slug":"swiatlowod-w-losiu","status":"publish","type":"post","link":"https:\/\/nasz-los.pl\/?p=223","title":{"rendered":"\u015awiat\u0142ow\u00f3d w \u0141osiu?"},"content":{"rendered":"\n<p>W ostatnim czasie pojawi\u0142o si\u0119 kilka oddolnych inicjatyw zwi\u0105zanych z wnioskami o lepsz\u0105 przepustowo\u015b\u0107 Internetu w naszej miejscowo\u015bci. Poniewa\u017c dotychczasowe dzia\u0142ania nie dawa\u0142y widocznych rezultat\u00f3w, postanowili\u015bmy podj\u0105\u0107 pr\u00f3b\u0119 skoordynowania tych inicjatyw i wyst\u0105pi\u0107 zbiorowo w imieniu mieszka\u0144c\u00f3w. <\/p>\n\n\n\n<!--more-->\n\n\n\n<p>Rozwa\u017cali\u015bmy dwa sposoby: wyst\u0105pienie jako so\u0142ectwo, kt\u00f3re jest organem rozpoznawalnym, niestety, nie posiada w\u0142asnej osobowo\u015bci prawnej lub wyst\u0105pienie jako Stowarzyszenie Mi\u0142o\u015bnik\u00f3w \u0141osia (zarejestrowane w KRS, posiadaj\u0105ce osobowo\u015b\u0107 prawn\u0105). Poniewa\u017c czasami, a szczeg\u00f3lnie w czasie pandemii komunikacja z gmin\u0105 bywa utrudniona, zdecydowali\u015bmy si\u0119 wyst\u0105pi\u0107 jako stowarzyszenie (dalej b\u0119d\u0119 u\u017cywa\u0142a skr\u00f3tu SM\u0141), co daje nam jelcze ten atut, \u017ce stajemy si\u0119 stron\u0105 w sprawie i b\u0119dziemy informowani o wszystkich ustaleniach.<\/p>\n\n\n\n<p>Tu nale\u017cy si\u0119 Pa\u0144stwu nieco wyja\u015bnie\u0144. SM\u0141 zosta\u0142o za\u0142o\u017cone w 2013 roku. Do tej pory wsp\u00f3\u0142pracowa\u0142o z gmina przy tworzeniu planu miejscowego i wspomaga\u0142o organizacj\u0119 imprez soleckich. Od sierpnia 2020r. w\u0142adze so\u0142eckie i zarz\u0105d SM\u0141 to te same osoby: Agnieszka Wypychowicz &#8211; Prezes SM\u0141, so\u0142tys: Bogdan Krawczyk &#8211; VicePrezes SM\u0141, przewodnicz\u0105cy rady so\u0142eckiej, Halina Wysocka &#8211; skarbnik SM\u0141, cz\u0142onek rady so\u0142eckiej. Wi\u0119c, w zale\u017cnie od sytuacji, mo\u017cemy wyst\u0119powa\u0107 jako so\u0142ectwo lub jako stowarzyszenie, a dla mieszka\u0144c\u00f3w u\u0142atwienie, bo to i tak te same, znane Pa\u0144stwu osoby.<\/p>\n\n\n\n<p>Ze wst\u0119pnego kontaktu z Orange wynika, \u017ce problem jest natury ekonomicznej &#8211; jeste\u015bmy miejscowo\u015bci\u0105 do\u015b\u0107 rozleg\u0142\u0105, nie wszyscy mieszka\u0144cy s\u0105 zainteresowani pod\u0142\u0105czeniem do \u015bwiat\u0142owodu, a nie mamy budynk\u00f3w u\u017cyteczno\u015bci publicznej (szko\u0142a, przychodnia itp), kt\u00f3re s\u0105 traktowane priorytetowo w dofinansowaniach. \u017beby rozmawia\u0107 z nimi dalej i namawia\u0107 do rekalkulacji koszt\u00f3w musimy wykaza\u0107, \u017ce zdecydowana wi\u0119kszo\u015b\u0107 mieszka\u0144c\u00f3w jest zainteresowana pod\u0142\u0105czeniem do sieci, st\u0105d akcja gromadzenia adres\u00f3w (tak naprawd\u0119 tyle na chwil\u0119 obecn\u0105 wystarczy &#8211; ulica i numer budynku ew. lokal). <\/p>\n\n\n\n<p>Dlaczego Orange? Przede wszystkim, dlatego \u017ce z mojej wiedzy, tylko oni maj\u0105 tu infrastruktur\u0119 (sieci, skrzynki). Je\u015bli macie Pa\u0144stwo wiedz\u0119 o innych operatorach sieci przewodowej, to poprosimy o podzielenie si\u0119 ni\u0105. <\/p>\n\n\n\n<p>W tym tygodniu ko\u0144czymy I etap akcji i wysy\u0142amy pismo do Orange, czekamy te\u017c na wst\u0119pn\u0105 odpowied\u017a z Mazowieckich Sieci \u015awiat\u0142owodowych. Je\u015bli ktos nie zd\u0105\u017cy\u0142 ze zg\u0142oszeniem, lub zdecyduje sie p\u00f3\u017aniej, prosimy o wys\u0142anie zg\u0142oszenia na maila &#8211; lista nie jest zamkni\u0119ta, my\u015bl\u0119, \u017ce  zanim przejdziemy do konkret\u00f3w b\u0119dziemy spokojnei mogli j\u0105 uzupe\u0142ni\u0107. Je\u015bli macie Pa\u0144stwo pomys\u0142, jakie jeszcze instytucje mogliby\u015bmy tym zainteresowa\u0107, dajcie zna\u0107. Wszystkie wnioski i pytania mo\u017cna wysy\u0142a\u0107 na maile: solectwo.los@gmail.com smilosnikowlosia@gmail.com<\/p>\n\n\n\n<p>Agnieszka Wypychowicz<\/p>\n","protected":false},"excerpt":{"rendered":"<p>W ostatnim czasie pojawi\u0142o si\u0119 kilka oddolnych inicjatyw zwi\u0105zanych z wnioskami o lepsz\u0105 przepustowo\u015b\u0107 Internetu w naszej miejscowo\u015bci. Poniewa\u017c dotychczasowe dzia\u0142ania nie dawa\u0142y widocznych rezultat\u00f3w, postanowili\u015bmy podj\u0105\u0107 pr\u00f3b\u0119 skoordynowania tych inicjatyw i wyst\u0105pi\u0107 zbiorowo w imieniu mieszka\u0144c\u00f3w. <\/p>\n<p> <a href=\"https:\/\/nasz-los.pl\/?p=223\">Czytaj dalej&#8230;<\/a><\/p>\n","protected":false},"author":2,"featured_media":0,"comment_status":"closed","ping_status":"closed","sticky":false,"template":"","format":"standard","meta":{"footnotes":""},"categories":[6],"tags":[],"_links":{"self":[{"href":"https:\/\/nasz-los.pl\/index.php?rest_route=\/wp\/v2\/posts\/223"}],"collection":[{"href":"https:\/\/nasz-los.pl\/index.php?rest_route=\/wp\/v2\/posts"}],"about":[{"href":"https:\/\/nasz-los.pl\/index.php?rest_route=\/wp\/v2\/types\/post"}],"author":[{"embeddable":true,"href":"https:\/\/nasz-los.pl\/index.php?rest_route=\/wp\/v2\/users\/2"}],"replies":[{"embeddable":true,"href":"https:\/\/nasz-los.pl\/index.php?rest_route=%2Fwp%2Fv2%2Fcomments&post=223"}],"version-history":[{"count":5,"href":"https:\/\/nasz-los.pl\/index.php?rest_route=\/wp\/v2\/posts\/223\/revisions"}],"predecessor-version":[{"id":228,"href":"https:\/\/nasz-los.pl\/index.php?rest_route=\/wp\/v2\/posts\/223\/revisions\/228"}],"wp:attachment":[{"href":"https:\/\/nasz-los.pl\/index.php?rest_route=%2Fwp%2Fv2%2Fmedia&parent=223"}],"wp:term":[{"taxonomy":"category","embeddable":true,"href":"https:\/\/nasz-los.pl\/index.php?rest_route=%2Fwp%2Fv2%2Fcategories&post=223"},{"taxonomy":"post_tag","embeddable":true,"href":"https:\/\/nasz-los.pl\/index.php?rest_route=%2Fwp%2Fv2%2Ftags&post=223"}],"curies":[{"name":"wp","href":"https:\/\/api.w.org\/{rel}","templated":true}]}}