{"id":285,"date":"2022-09-12T12:41:20","date_gmt":"2022-09-12T10:41:20","guid":{"rendered":"http:\/\/nasz-los.pl\/?p=285"},"modified":"2022-09-12T12:41:20","modified_gmt":"2022-09-12T10:41:20","slug":"fundusz-solecki-2023","status":"publish","type":"post","link":"https:\/\/nasz-los.pl\/?p=285","title":{"rendered":"Fundusz So\u0142ecki 2023"},"content":{"rendered":"\n<p>Wczoraj, 11 wrze\u015bnia odby\u0142o si\u0119 zebranie wiejskie, kt\u00f3re zdecydowa\u0142o o nast\u0119puj\u0105cym podziale Funduszu So\u0142eckiego na 2023 rok:<\/p>\n\n\n\n<figure class=\"wp-block-table\"><table class=\"has-subtle-pale-blue-background-color has-background\"><tbody><tr><td>o\u015bwietlenie dr\u00f3g publicznych<\/td><td>10000<\/td><\/tr><tr><td>utwardzenie dr\u00f3g gminnych<\/td><td>8000<\/td><\/tr><tr><td>tablica z map\u0105+podest dla \u0142osia<\/td><td>8000<\/td><\/tr><tr><td>imprezy i zaj\u0119cia w Klubie<\/td><td>7900<\/td><\/tr><tr><td>odwodnienie Sp\u00f3\u0142dzielcza &#8211; kontynuacja<\/td><td>10000<\/td><\/tr><tr><td>kran na zewn\u0105trz Klubu<\/td><td>1000<\/td><\/tr><tr><td>OSP w Nowym Pra\u017cmowie &#8211; dofinansowanie<\/td><td>7100<\/td><\/tr><tr><td>sprz\u0105tanie i koszenie terenu Klubu<\/td><td>8000<\/td><\/tr><tr><td>wyposa\u017cenie Klubu<\/td><td>983,2<\/td><\/tr><tr><td>SUMA<\/td><td>60983,2<\/td><\/tr><\/tbody><\/table><\/figure>\n\n\n\n<p>Nie zdecydowano si\u0119 na realizacj\u0119 zada\u0144: zewn\u0119trzny st\u00f3\u0142 do ping-ponga i boisko do siatk\u00f3wki. <\/p>\n\n\n\n<p>Opr\u00f3cz tego podpisali\u015bmy pismo do MZDW o umieszczenie w bud\u017cecie na 2023 rok przebudowy drogi 722 w \u0141osiu (chodniki) oraz mieszka\u0144cy wyrazili poparcie dla wniosku w\u0142a\u015bcicieli ulicy Ba\u017canciej o przej\u0119cie tej drogi w poczet dr\u00f3g gminnych &#8211; poniewa\u017c u\u0142atwi to komunikacj\u0119 pomi\u0119dzy 6 wrze\u015bnia i Sp\u00f3\u0142dzielcz\u0105 oraz umo\u017cliwi przejazd gimbusa Sp\u00f3\u0142dzielcza &#8211; Ba\u017cancia &#8211; 6 Wrze\u015bnia. <\/p>\n","protected":false},"excerpt":{"rendered":"<p>Wczoraj, 11 wrze\u015bnia odby\u0142o si\u0119 zebranie wiejskie, kt\u00f3re zdecydowa\u0142o o nast\u0119puj\u0105cym podziale Funduszu So\u0142eckiego na 2023 rok:<\/p>\n<p>o\u015bwietlenie dr\u00f3g publicznych10000utwardzenie dr\u00f3g gminnych8000tablica z map\u0105+podest dla \u0142osia8000imprezy i zaj\u0119cia w Klubie7900odwodnienie Sp\u00f3\u0142dzielcza &#8211; kontynuacja10000kran na zewn\u0105trz Klubu1000OSP w Nowym Pra\u017cmowie &#8211; dofinansowanie7100sprz\u0105tanie i koszenie terenu Klubu8000wyposa\u017cenie Klubu983,2SUMA60983,2<\/p>\n<p>Nie zdecydowano si\u0119 na realizacj\u0119 zada\u0144: zewn\u0119trzny st\u00f3\u0142 do ping-ponga i boisko do siatk\u00f3wki. <\/p>\n<p>Opr\u00f3cz tego podpisali\u015bmy pismo do MZDW o umieszczenie w bud\u017cecie na 2023 rok przebudowy drogi 722 w \u0141osiu (chodniki) oraz mieszka\u0144cy wyrazili poparcie dla wniosku w\u0142a\u015bcicieli ulicy Ba\u017canciej o przej\u0119cie tej drogi w poczet dr\u00f3g gminnych &#8211;<\/p>\n<p> <a href=\"https:\/\/nasz-los.pl\/?p=285\">Czytaj dalej&#8230;<\/a><\/p>\n","protected":false},"author":2,"featured_media":290,"comment_status":"closed","ping_status":"closed","sticky":false,"template":"","format":"standard","meta":{"footnotes":""},"categories":[4],"tags":[],"_links":{"self":[{"href":"https:\/\/nasz-los.pl\/index.php?rest_route=\/wp\/v2\/posts\/285"}],"collection":[{"href":"https:\/\/nasz-los.pl\/index.php?rest_route=\/wp\/v2\/posts"}],"about":[{"href":"https:\/\/nasz-los.pl\/index.php?rest_route=\/wp\/v2\/types\/post"}],"author":[{"embeddable":true,"href":"https:\/\/nasz-los.pl\/index.php?rest_route=\/wp\/v2\/users\/2"}],"replies":[{"embeddable":true,"href":"https:\/\/nasz-los.pl\/index.php?rest_route=%2Fwp%2Fv2%2Fcomments&post=285"}],"version-history":[{"count":2,"href":"https:\/\/nasz-los.pl\/index.php?rest_route=\/wp\/v2\/posts\/285\/revisions"}],"predecessor-version":[{"id":287,"href":"https:\/\/nasz-los.pl\/index.php?rest_route=\/wp\/v2\/posts\/285\/revisions\/287"}],"wp:featuredmedia":[{"embeddable":true,"href":"https:\/\/nasz-los.pl\/index.php?rest_route=\/wp\/v2\/media\/290"}],"wp:attachment":[{"href":"https:\/\/nasz-los.pl\/index.php?rest_route=%2Fwp%2Fv2%2Fmedia&parent=285"}],"wp:term":[{"taxonomy":"category","embeddable":true,"href":"https:\/\/nasz-los.pl\/index.php?rest_route=%2Fwp%2Fv2%2Fcategories&post=285"},{"taxonomy":"post_tag","embeddable":true,"href":"https:\/\/nasz-los.pl\/index.php?rest_route=%2Fwp%2Fv2%2Ftags&post=285"}],"curies":[{"name":"wp","href":"https:\/\/api.w.org\/{rel}","templated":true}]}}