{"id":295,"date":"2023-08-29T22:00:24","date_gmt":"2023-08-29T20:00:24","guid":{"rendered":"http:\/\/nasz-los.pl\/?p=295"},"modified":"2023-08-29T22:00:24","modified_gmt":"2023-08-29T20:00:24","slug":"niebezpieczne-odpady-w-nowym-prazmowie","status":"publish","type":"post","link":"https:\/\/nasz-los.pl\/?p=295","title":{"rendered":"Niebezpieczne odpady w Nowym Pra\u017cmowie"},"content":{"rendered":"\n<p>W zwi\u0105zku z problemem niebezpiecznych odpad\u00f3w sk\u0142adowanych w Nowym Pra\u017cmowie, zamieszczamy udost\u0119pnione nam dokumenty zwi\u0105zane z t\u0105 spraw\u0105. W miar\u0119 otrzymywania kolejnych dokument\u00f3w, b\u0119dziemy je udost\u0119pnia\u0107. <\/p>\n\n\n\n<p>Dokumenty s\u0105 dost\u0119pne pod linkami poni\u017cej:<\/p>\n\n\n\n<p><a href=\"https:\/\/drive.google.com\/file\/d\/11OHXyYPwsQFOJylkUwUNWBOw57Sfd7Ww\/view?usp=drive_link\">Informacja w\u00f3jta<\/a><\/p>\n\n\n\n<p><a href=\"https:\/\/drive.google.com\/file\/d\/1JmHGsT3ubh9TQMDmn3CRgfJPaQ4-k_8D\/view?usp=drive_link\">Korespondencja z Regionaln\u0105 Dyrekcj\u0105 Ochrony \u015arodowiska<\/a><\/p>\n\n\n\n<p><a href=\"https:\/\/drive.google.com\/file\/d\/1_7RmyRmz3EY2hcdShp5P6QbJDC8HoZ_p\/view?usp=drive_link\">Korespondencja z prokuratur\u0105<\/a><\/p>\n\n\n\n<p><\/p>\n","protected":false},"excerpt":{"rendered":"<p>W zwi\u0105zku z problemem niebezpiecznych odpad\u00f3w sk\u0142adowanych w Nowym Pra\u017cmowie, zamieszczamy udost\u0119pnione nam dokumenty zwi\u0105zane z t\u0105 spraw\u0105. W miar\u0119 otrzymywania kolejnych dokument\u00f3w, b\u0119dziemy je udost\u0119pnia\u0107. <\/p>\n<p>Dokumenty s\u0105 dost\u0119pne pod linkami poni\u017cej:<\/p>\n<p><a href=\"https:\/\/drive.google.com\/file\/d\/11OHXyYPwsQFOJylkUwUNWBOw57Sfd7Ww\/view?usp=drive_link\">Informacja w\u00f3jta<\/a><\/p>\n<p><a href=\"https:\/\/drive.google.com\/file\/d\/1JmHGsT3ubh9TQMDmn3CRgfJPaQ4-k_8D\/view?usp=drive_link\">Korespondencja z Regionaln\u0105 Dyrekcj\u0105 Ochrony \u015arodowiska<\/a><\/p>\n<p><a href=\"https:\/\/drive.google.com\/file\/d\/1_7RmyRmz3EY2hcdShp5P6QbJDC8HoZ_p\/view?usp=drive_link\">Korespondencja z prokuratur\u0105<\/a><\/p>\n<\/p>\n<p> <a href=\"https:\/\/nasz-los.pl\/?p=295\">Czytaj dalej&#8230;<\/a><\/p>\n","protected":false},"author":2,"featured_media":0,"comment_status":"closed","ping_status":"closed","sticky":false,"template":"","format":"standard","meta":{"footnotes":""},"categories":[4],"tags":[17,18],"_links":{"self":[{"href":"https:\/\/nasz-los.pl\/index.php?rest_route=\/wp\/v2\/posts\/295"}],"collection":[{"href":"https:\/\/nasz-los.pl\/index.php?rest_route=\/wp\/v2\/posts"}],"about":[{"href":"https:\/\/nasz-los.pl\/index.php?rest_route=\/wp\/v2\/types\/post"}],"author":[{"embeddable":true,"href":"https:\/\/nasz-los.pl\/index.php?rest_route=\/wp\/v2\/users\/2"}],"replies":[{"embeddable":true,"href":"https:\/\/nasz-los.pl\/index.php?rest_route=%2Fwp%2Fv2%2Fcomments&post=295"}],"version-history":[{"count":1,"href":"https:\/\/nasz-los.pl\/index.php?rest_route=\/wp\/v2\/posts\/295\/revisions"}],"predecessor-version":[{"id":296,"href":"https:\/\/nasz-los.pl\/index.php?rest_route=\/wp\/v2\/posts\/295\/revisions\/296"}],"wp:attachment":[{"href":"https:\/\/nasz-los.pl\/index.php?rest_route=%2Fwp%2Fv2%2Fmedia&parent=295"}],"wp:term":[{"taxonomy":"category","embeddable":true,"href":"https:\/\/nasz-los.pl\/index.php?rest_route=%2Fwp%2Fv2%2Fcategories&post=295"},{"taxonomy":"post_tag","embeddable":true,"href":"https:\/\/nasz-los.pl\/index.php?rest_route=%2Fwp%2Fv2%2Ftags&post=295"}],"curies":[{"name":"wp","href":"https:\/\/api.w.org\/{rel}","templated":true}]}}